{"id":5966,"date":"2024-05-07T09:06:07","date_gmt":"2024-05-07T08:06:07","guid":{"rendered":"https:\/\/www.r2docuo.com\/es\/?p=5966"},"modified":"2024-05-16T08:49:39","modified_gmt":"2024-05-16T07:49:39","slug":"docuo-en-el-des","status":"publish","type":"post","link":"https:\/\/www.r2docuo.com\/es\/docuo-en-el-des","title":{"rendered":"\u00a1Docuo en el Digital Enterprise Show 2024!"},"content":{"rendered":"<p>Este a\u00f1o, del <strong>11 al 13 de junio,<\/strong> estaremos en M\u00e1laga. Y no solo comiendo \u00abpescaito frito\u00bb (que tambi\u00e9n), sino en uno de los eventos de digitalizaci\u00f3n m\u00e1s importantes de Europa: el <a href=\"https:\/\/www.des-show.com\/es\/des-show\/\" target=\"_blank\" rel=\"nofollow noopener\"><strong>Digital Enterprise Show<\/strong><\/a>\u00a0(DES). \u00a1No te lo puedes perder!<\/p>\n<h2 id=\"que-es-el-des-y-por-que-es-diferente-a-otros-eventos\" class=\"anchor\">\u00bfQu\u00e9 es el DES y por qu\u00e9 es diferente a otros eventos?<\/h2>\n<p>El <a href=\"https:\/\/www.des-show.com\/es\/des-show\/\" target=\"_blank\" rel=\"nofollow noopener\">DES<\/a> es el evento definitivo de tecnolog\u00eda, negocio y empresa donde convergen participantes de <strong>m\u00e1s de 50 pa\u00edses<\/strong>. Aqu\u00ed, podr\u00e1s conocer las mejores y m\u00e1s innovadoras soluciones para <strong>digitalizar tu negocio<\/strong>.<\/p>\n<blockquote><p>A diferencia de otros eventos m\u00e1s orientados a profesionales de la tecnolog\u00eda, el DES se centra en los beneficios que \u00e9sta aporta a los usuarios finales.<\/p><\/blockquote>\n<p>De modo que <strong>no necesitas ser Director de IT, t\u00e9cnico de sistemas o experto en tecnolog\u00eda<\/strong> para disfrutar en el DES. Si trabajas en equipo dentro de tu organizaci\u00f3n, aprender\u00e1s c\u00f3mo la tecnolog\u00eda puede mejorar vuestra eficiencia y ver\u00e1s en primera persona c\u00f3mo se reinventa la forma en la que todos trabajaremos en el futuro.<\/p>\n<p>Como no pod\u00eda ser de otro modo, la reina de este a\u00f1o ser\u00e1 la <a href=\"https:\/\/www.r2docuo.com\/es\/inteligencia-artificial\">Inteligencia Artificial<\/a> y te aseguro que no tendr\u00e1s tiempo de aburrirte:<\/p>\n<blockquote><p>En uno de los escenarios tendr\u00e1s un \u00abmarat\u00f3n\u00bb continuo de demos de 15 minutos con diferentes aplicaciones de la IA (\u00a1tambi\u00e9n la nuestra!).<\/p><\/blockquote>\n<p>En el DES, no solo podr\u00e1s acudir a conferencias y demos, sino que tambi\u00e9n podr\u00e1s visitar los expositores de las empresas y tendr\u00e1s la oportunidad de establecer numerosos contactos.<\/p>\n<p><a href=\"https:\/\/www.des-show.com\/es\/des-show\/\" target=\"_blank\" rel=\"nofollow noopener\"><img loading=\"lazy\" decoding=\"async\" class=\"aligncenter wp-image-5968 size-large\" src=\"https:\/\/www.r2docuo.com\/es\/wp-content\/uploads\/sites\/3\/2024\/04\/facebook-1-700x366.jpg\" alt=\"des exponential intelligence\" width=\"700\" height=\"366\" srcset=\"https:\/\/www.r2docuo.com\/es\/wp-content\/uploads\/sites\/3\/2024\/04\/facebook-1-700x366.jpg 700w, https:\/\/www.r2docuo.com\/es\/wp-content\/uploads\/sites\/3\/2024\/04\/facebook-1-490x256.jpg 490w, https:\/\/www.r2docuo.com\/es\/wp-content\/uploads\/sites\/3\/2024\/04\/facebook-1-150x79.jpg 150w, https:\/\/www.r2docuo.com\/es\/wp-content\/uploads\/sites\/3\/2024\/04\/facebook-1-768x402.jpg 768w, https:\/\/www.r2docuo.com\/es\/wp-content\/uploads\/sites\/3\/2024\/04\/facebook-1.jpg 1200w\" sizes=\"auto, (max-width: 700px) 100vw, 700px\" \/><\/a><\/p>\n<p>&nbsp;<\/p>\n<h2 id=\"por-que-venir-a-conocernos-al-des\" class=\"anchor\">\u00bfPor qu\u00e9 venir a conocernos al DES?<\/h2>\n<p>A nivel general, descubrir\u00e1s las <strong>tendencias y modelos de gesti\u00f3n de \u00e9xito basados en tecnolog\u00eda<\/strong>\u00a0m\u00e1s importantes del mundo y tendr\u00e1s la oportunidad de <strong>transformar tu empresa tradicional<\/strong> en un modelo de negocio inteligente y sostenible.<\/p>\n<p>Adem\u00e1s, podr\u00e1s <strong>conocer y charlar cara a cara con directivos y miembros de nuestro equipo<\/strong>: la directora de Customer Success Conchi Li\u00e9bana, nuestro CSO Ignacio Ruiz y nuestro CEO Jorge Ram\u00edrez estar\u00e1n en nuestro stand para intercambiar impresiones con clientes y visitantes. Si ya eres cliente de Docuo, \u00a1ent\u00e9rate del roadmap del producto antes que nadie!\u00a0\u00c1ngela Pereira de nuestro equipo de ventas y yo misma tambi\u00e9n estaremos all\u00ed.<\/p>\n<p>Y por \u00faltimo, pero no menos importante&#8230;Si vienes a vernos, <strong>\u00a1te regalamos un yo-y\u00f3 profesional! <\/strong>(que puedes usar durante la feria si alguna demo es aburrida&#8230;)<\/p>\n<p><a href=\"https:\/\/www.r2docuo.com\/es\/wp-content\/uploads\/sites\/3\/2024\/05\/yo-yo-r2-docuo.jpg\"><img loading=\"lazy\" decoding=\"async\" class=\"aligncenter size-full wp-image-5983\" src=\"https:\/\/www.r2docuo.com\/es\/wp-content\/uploads\/sites\/3\/2024\/05\/yo-yo-r2-docuo.jpg\" alt=\"\" width=\"700\" height=\"387\" srcset=\"https:\/\/www.r2docuo.com\/es\/wp-content\/uploads\/sites\/3\/2024\/05\/yo-yo-r2-docuo.jpg 700w, https:\/\/www.r2docuo.com\/es\/wp-content\/uploads\/sites\/3\/2024\/05\/yo-yo-r2-docuo-490x271.jpg 490w, https:\/\/www.r2docuo.com\/es\/wp-content\/uploads\/sites\/3\/2024\/05\/yo-yo-r2-docuo-150x83.jpg 150w\" sizes=\"auto, (max-width: 700px) 100vw, 700px\" \/><\/a><\/p>\n<p>\u00a1Te esperamos!<\/p>\n<p>&nbsp;<\/p>\n<p>Minerva Ventura<\/p>\n<p>Digital Marketing Specialist<\/p>\n","protected":false},"excerpt":{"rendered":"<p>Este a\u00f1o, del 11 al 13 de junio, estaremos en M\u00e1laga. Y no solo comiendo \u00abpescaito frito\u00bb (que tambi\u00e9n), sino en uno de los eventos de digitalizaci\u00f3n m\u00e1s importantes de Europa: el Digital Enterprise Show\u00a0(DES). \u00a1No te lo puedes perder! \u00bfQu\u00e9 es el DES y por qu\u00e9 es diferente a otros eventos? El DES es&#8230;<\/p>\n","protected":false},"author":14,"featured_media":5967,"comment_status":"closed","ping_status":"open","sticky":false,"template":"","format":"standard","meta":{"_acf_changed":false,"inline_featured_image":false,"footnotes":""},"categories":[18],"tags":[],"class_list":["post-5966","post","type-post","status-publish","format-standard","has-post-thumbnail","hentry","category-noticias"],"acf":[],"yoast_head":"<!-- This site is optimized with the Yoast SEO Premium plugin v27.4 (Yoast SEO v27.4) - https:\/\/yoast.com\/product\/yoast-seo-premium-wordpress\/ -->\n<title>\u00a1Docuo en el Digital Enterprise Show 2024! - R2 Docuo<\/title>\n<meta name=\"description\" content=\"\u00a1Este a\u00f1o estaremos en el DES! El evento definitivo de talento, tecnolog\u00eda y negocio. \u00bfTe lo vas a perder?\" \/>\n<meta name=\"robots\" content=\"index, follow, max-snippet:-1, max-image-preview:large, max-video-preview:-1\" \/>\n<link rel=\"canonical\" href=\"https:\/\/www.r2docuo.com\/es\/docuo-en-el-des\" \/>\n<meta property=\"og:locale\" content=\"es_ES\" \/>\n<meta property=\"og:type\" content=\"article\" \/>\n<meta property=\"og:title\" content=\"\u00a1Docuo en el Digital Enterprise Show 2024! - R2 Docuo\" \/>\n<meta property=\"og:description\" content=\"\u00a1Este a\u00f1o estaremos en el DES! El evento definitivo de talento, tecnolog\u00eda y negocio. \u00bfTe lo vas a perder?\" \/>\n<meta property=\"og:url\" content=\"https:\/\/www.r2docuo.com\/es\/docuo-en-el-des\" \/>\n<meta property=\"og:site_name\" content=\"R2 Docuo\" \/>\n<meta property=\"article:published_time\" content=\"2024-05-07T08:06:07+00:00\" \/>\n<meta property=\"article:modified_time\" content=\"2024-05-16T07:49:39+00:00\" \/>\n<meta property=\"og:image\" content=\"https:\/\/www.r2docuo.com\/es\/wp-content\/uploads\/sites\/3\/2024\/04\/DES.png\" \/>\n\t<meta property=\"og:image:width\" content=\"1187\" \/>\n\t<meta property=\"og:image:height\" content=\"630\" \/>\n\t<meta property=\"og:image:type\" content=\"image\/png\" \/>\n<meta name=\"author\" content=\"minerva.hernandez\" \/>\n<meta name=\"twitter:card\" content=\"summary_large_image\" \/>\n<meta name=\"twitter:title\" content=\"\u00a1Docuo en el Digital Enterprise Show 2024! - R2 Docuo\" \/>\n<meta name=\"twitter:description\" content=\"\u00a1Este a\u00f1o estaremos en el DES! El evento definitivo de talento, tecnolog\u00eda y negocio. \u00bfTe lo vas a perder?\" \/>\n<meta name=\"twitter:creator\" content=\"@r2docuo\" \/>\n<meta name=\"twitter:site\" content=\"@r2docuo\" \/>\n<meta name=\"twitter:label1\" content=\"Escrito por\" \/>\n\t<meta name=\"twitter:data1\" content=\"minerva.hernandez\" \/>\n\t<meta name=\"twitter:label2\" content=\"Tiempo de lectura\" \/>\n\t<meta name=\"twitter:data2\" content=\"3 minutos\" \/>\n<!-- \/ Yoast SEO Premium plugin. -->","yoast_head_json":{"title":"\u00a1Docuo en el Digital Enterprise Show 2024! - R2 Docuo","description":"\u00a1Este a\u00f1o estaremos en el DES! El evento definitivo de talento, tecnolog\u00eda y negocio. \u00bfTe lo vas a perder?","robots":{"index":"index","follow":"follow","max-snippet":"max-snippet:-1","max-image-preview":"max-image-preview:large","max-video-preview":"max-video-preview:-1"},"canonical":"https:\/\/www.r2docuo.com\/es\/docuo-en-el-des","og_locale":"es_ES","og_type":"article","og_title":"\u00a1Docuo en el Digital Enterprise Show 2024! - R2 Docuo","og_description":"\u00a1Este a\u00f1o estaremos en el DES! El evento definitivo de talento, tecnolog\u00eda y negocio. \u00bfTe lo vas a perder?","og_url":"https:\/\/www.r2docuo.com\/es\/docuo-en-el-des","og_site_name":"R2 Docuo","article_published_time":"2024-05-07T08:06:07+00:00","article_modified_time":"2024-05-16T07:49:39+00:00","og_image":[{"width":1187,"height":630,"url":"https:\/\/www.r2docuo.com\/es\/wp-content\/uploads\/sites\/3\/2024\/04\/DES.png","type":"image\/png"}],"author":"minerva.hernandez","twitter_card":"summary_large_image","twitter_title":"\u00a1Docuo en el Digital Enterprise Show 2024! - R2 Docuo","twitter_description":"\u00a1Este a\u00f1o estaremos en el DES! El evento definitivo de talento, tecnolog\u00eda y negocio. \u00bfTe lo vas a perder?","twitter_creator":"@r2docuo","twitter_site":"@r2docuo","twitter_misc":{"Escrito por":"minerva.hernandez","Tiempo de lectura":"3 minutos"},"schema":{"@context":"https:\/\/schema.org","@graph":[{"@type":"Article","@id":"https:\/\/www.r2docuo.com\/es\/docuo-en-el-des#article","isPartOf":{"@id":"https:\/\/www.r2docuo.com\/es\/docuo-en-el-des"},"author":{"name":"minerva.hernandez","@id":"https:\/\/www.r2docuo.com\/es\/#\/schema\/person\/56e56c58ca44c391dfc0da126f072677"},"headline":"\u00a1Docuo en el Digital Enterprise Show 2024!","datePublished":"2024-05-07T08:06:07+00:00","dateModified":"2024-05-16T07:49:39+00:00","mainEntityOfPage":{"@id":"https:\/\/www.r2docuo.com\/es\/docuo-en-el-des"},"wordCount":435,"publisher":{"@id":"https:\/\/www.r2docuo.com\/es\/#organization"},"image":{"@id":"https:\/\/www.r2docuo.com\/es\/docuo-en-el-des#primaryimage"},"thumbnailUrl":"https:\/\/www.r2docuo.com\/es\/wp-content\/uploads\/sites\/3\/2024\/04\/DES.png","articleSection":["Noticias"],"inLanguage":"es"},{"@type":"WebPage","@id":"https:\/\/www.r2docuo.com\/es\/docuo-en-el-des","url":"https:\/\/www.r2docuo.com\/es\/docuo-en-el-des","name":"\u00a1Docuo en el Digital Enterprise Show 2024! - R2 Docuo","isPartOf":{"@id":"https:\/\/www.r2docuo.com\/es\/#website"},"primaryImageOfPage":{"@id":"https:\/\/www.r2docuo.com\/es\/docuo-en-el-des#primaryimage"},"image":{"@id":"https:\/\/www.r2docuo.com\/es\/docuo-en-el-des#primaryimage"},"thumbnailUrl":"https:\/\/www.r2docuo.com\/es\/wp-content\/uploads\/sites\/3\/2024\/04\/DES.png","datePublished":"2024-05-07T08:06:07+00:00","dateModified":"2024-05-16T07:49:39+00:00","description":"\u00a1Este a\u00f1o estaremos en el DES! El evento definitivo de talento, tecnolog\u00eda y negocio. \u00bfTe lo vas a perder?","breadcrumb":{"@id":"https:\/\/www.r2docuo.com\/es\/docuo-en-el-des#breadcrumb"},"inLanguage":"es","potentialAction":[{"@type":"ReadAction","target":["https:\/\/www.r2docuo.com\/es\/docuo-en-el-des"]}]},{"@type":"ImageObject","inLanguage":"es","@id":"https:\/\/www.r2docuo.com\/es\/docuo-en-el-des#primaryimage","url":"https:\/\/www.r2docuo.com\/es\/wp-content\/uploads\/sites\/3\/2024\/04\/DES.png","contentUrl":"https:\/\/www.r2docuo.com\/es\/wp-content\/uploads\/sites\/3\/2024\/04\/DES.png","width":1187,"height":630,"caption":"DES"},{"@type":"BreadcrumbList","@id":"https:\/\/www.r2docuo.com\/es\/docuo-en-el-des#breadcrumb","itemListElement":[{"@type":"ListItem","position":1,"name":"Portada","item":"https:\/\/www.r2docuo.com\/es\/"},{"@type":"ListItem","position":2,"name":"\u00a1Docuo en el Digital Enterprise Show 2024!"}]},{"@type":"WebSite","@id":"https:\/\/www.r2docuo.com\/es\/#website","url":"https:\/\/www.r2docuo.com\/es\/","name":"R2 Docuo","description":"ES","publisher":{"@id":"https:\/\/www.r2docuo.com\/es\/#organization"},"alternateName":"Docuo","potentialAction":[{"@type":"SearchAction","target":{"@type":"EntryPoint","urlTemplate":"https:\/\/www.r2docuo.com\/es\/?s={search_term_string}"},"query-input":{"@type":"PropertyValueSpecification","valueRequired":true,"valueName":"search_term_string"}}],"inLanguage":"es"},{"@type":"Organization","@id":"https:\/\/www.r2docuo.com\/es\/#organization","name":"Docuo","url":"https:\/\/www.r2docuo.com\/es\/","logo":{"@type":"ImageObject","inLanguage":"es","@id":"https:\/\/www.r2docuo.com\/es\/#\/schema\/logo\/image\/","url":"https:\/\/www.r2docuo.com\/es\/wp-content\/uploads\/sites\/3\/2023\/01\/logoR2Docuo-520.png","contentUrl":"https:\/\/www.r2docuo.com\/es\/wp-content\/uploads\/sites\/3\/2023\/01\/logoR2Docuo-520.png","width":520,"height":192,"caption":"Docuo"},"image":{"@id":"https:\/\/www.r2docuo.com\/es\/#\/schema\/logo\/image\/"},"sameAs":["https:\/\/x.com\/r2docuo","https:\/\/www.linkedin.com\/company\/r2docuo","https:\/\/www.instagram.com\/r2docuo","https:\/\/www.youtube.com\/@r2docuo"]},{"@type":"Person","@id":"https:\/\/www.r2docuo.com\/es\/#\/schema\/person\/56e56c58ca44c391dfc0da126f072677","name":"minerva.hernandez","image":{"@type":"ImageObject","inLanguage":"es","@id":"https:\/\/secure.gravatar.com\/avatar\/71b2cff38534f1a7fd91d8f8e9faaeb46e7fa512c8f0aa89547a0f954edfe27c?s=96&d=mm&r=g","url":"https:\/\/secure.gravatar.com\/avatar\/71b2cff38534f1a7fd91d8f8e9faaeb46e7fa512c8f0aa89547a0f954edfe27c?s=96&d=mm&r=g","contentUrl":"https:\/\/secure.gravatar.com\/avatar\/71b2cff38534f1a7fd91d8f8e9faaeb46e7fa512c8f0aa89547a0f954edfe27c?s=96&d=mm&r=g","caption":"minerva.hernandez"}}]}},"_links":{"self":[{"href":"https:\/\/www.r2docuo.com\/es\/wp-json\/wp\/v2\/posts\/5966","targetHints":{"allow":["GET"]}}],"collection":[{"href":"https:\/\/www.r2docuo.com\/es\/wp-json\/wp\/v2\/posts"}],"about":[{"href":"https:\/\/www.r2docuo.com\/es\/wp-json\/wp\/v2\/types\/post"}],"author":[{"embeddable":true,"href":"https:\/\/www.r2docuo.com\/es\/wp-json\/wp\/v2\/users\/14"}],"replies":[{"embeddable":true,"href":"https:\/\/www.r2docuo.com\/es\/wp-json\/wp\/v2\/comments?post=5966"}],"version-history":[{"count":0,"href":"https:\/\/www.r2docuo.com\/es\/wp-json\/wp\/v2\/posts\/5966\/revisions"}],"wp:featuredmedia":[{"embeddable":true,"href":"https:\/\/www.r2docuo.com\/es\/wp-json\/wp\/v2\/media\/5967"}],"wp:attachment":[{"href":"https:\/\/www.r2docuo.com\/es\/wp-json\/wp\/v2\/media?parent=5966"}],"wp:term":[{"taxonomy":"category","embeddable":true,"href":"https:\/\/www.r2docuo.com\/es\/wp-json\/wp\/v2\/categories?post=5966"},{"taxonomy":"post_tag","embeddable":true,"href":"https:\/\/www.r2docuo.com\/es\/wp-json\/wp\/v2\/tags?post=5966"}],"curies":[{"name":"wp","href":"https:\/\/api.w.org\/{rel}","templated":true}]}}