{"id":6188,"date":"2025-05-12T08:35:31","date_gmt":"2025-05-12T07:35:31","guid":{"rendered":"https:\/\/www.r2docuo.com\/es\/?p=6188"},"modified":"2025-05-12T10:23:06","modified_gmt":"2025-05-12T09:23:06","slug":"des25","status":"publish","type":"post","link":"https:\/\/www.r2docuo.com\/es\/des25","title":{"rendered":"\u00a1Nos vemos (un a\u00f1o m\u00e1s) en el DES!"},"content":{"rendered":"<p><span class=\"relative -mx-px my-[-0.2rem] rounded px-px py-[0.2rem] transition-colors duration-100 ease-in-out\">Del <strong>10 al 12 de junio<\/strong>, M\u00e1laga se convertir\u00e1 en el epicentro de la innovaci\u00f3n digital gracias al <strong data-start=\"108\" data-end=\"146\"><a rel=\"nofollow noopener\" href=\"https:\/\/www.des-show.com\/es\/\">Digital Enterprise Show 2025 (DES25),<\/a>\u00a0<\/strong>y un a\u00f1o m\u00e1s, <strong>nosotros estaremos all\u00ed<\/strong>.<\/span><\/p>\n<h2 id=\"que-es-el-des25\" class=\"anchor\">\u00bfQu\u00e9 es el DES25?<\/h2>\n<p class=\"\" data-start=\"239\" data-end=\"625\">El <strong data-start=\"242\" data-end=\"282\">DES25 no es solo una feria tecnol\u00f3gica<\/strong>: es el punto de encuentro donde profesionales de todos los sectores descubren c\u00f3mo aplicar la tecnolog\u00eda en su d\u00eda a d\u00eda.<\/p>\n<blockquote>\n<p class=\"\" data-start=\"239\" data-end=\"625\">Con asistentes de m\u00e1s de 50 pa\u00edses, el foco no est\u00e1 en la tecnolog\u00eda por s\u00ed sola, sino en <strong data-start=\"540\" data-end=\"624\">c\u00f3mo<\/strong><strong data-start=\"540\" data-end=\"624\">\u00a0puede ayudarte a trabajar mejor, m\u00e1s r\u00e1pido y de forma m\u00e1s inteligente<\/strong>.<\/p>\n<\/blockquote>\n<p class=\"\" data-start=\"627\" data-end=\"957\">No hace falta tener un perfil t\u00e9cnico para disfrutar del evento, ya que aqu\u00ed podr\u00e1s ver soluciones reales, pensadas para mejorar tu trabajo diario y el de tu equipo.<\/p>\n<p class=\"\" data-start=\"959\" data-end=\"1171\">Este a\u00f1o, como era de esperar, la protagonista ser\u00e1 la <strong data-start=\"1027\" data-end=\"1054\">Inteligencia Artificial\u00a0<\/strong>y podr\u00e1s ver en los diferentes escenarios, numerosos casos de uso.<\/p>\n<blockquote>\n<p data-start=\"959\" data-end=\"1171\">De hecho, nosotros subiremos a uno de ellos para ense\u00f1arte c\u00f3mo la IA es capaz de transformar la gesti\u00f3n de contratos en las empresas.<\/p>\n<\/blockquote>\n<h2 data-start=\"959\" data-end=\"1171\" id=\"por-que-deberias-pasarte-por-nuestro-stand-en-el-des25\" class=\"anchor\">\u00bfPor qu\u00e9 deber\u00edas pasarte por nuestro stand en el DES25?<\/h2>\n<p class=\"\" data-start=\"145\" data-end=\"401\">Si est\u00e1s buscando conocer las \u00faltimas tendencias que est\u00e1n revolucionando la gesti\u00f3n empresarial, el DES es el lugar perfecto. En nuestro caso, te ense\u00f1aremos todo lo que es<strong data-start=\"246\" data-end=\"274\"> capaz de hacer la IA con tus contratos: <\/strong>leerlos y organizarlos por ti, responder a preguntas que tengas sobre ellos e incluso entrenar a la IA para que trabaje como necesitas.<\/p>\n<p class=\"\" data-start=\"403\" data-end=\"737\">Adem\u00e1s, tendr\u00e1s la oportunidad de hablar directamente con directivos y miembros del equipo, como <strong data-start=\"560\" data-end=\"610\">Conchi Li\u00e9bana (Directora de Customer Success)<\/strong>, <strong data-start=\"612\" data-end=\"634\">Ignacio Ruiz (CSO)<\/strong>, y <strong data-start=\"638\" data-end=\"661\">Jorge Ram\u00edrez (CEO)<\/strong>.<\/p>\n<p data-start=\"959\" data-end=\"1171\">Y como el a\u00f1o pasado, acabamos el evento siendo conocidos por <em>\u00ablos de los yoy\u00f3s\u00bb<\/em>, no queremos romper con la tradici\u00f3n y te esperamos con un nuevo modelo.<\/p>\n<p data-start=\"959\" data-end=\"1171\">\u00bfTe lo vas a perder?<\/p>\n","protected":false},"excerpt":{"rendered":"<p>Del 10 al 12 de junio, M\u00e1laga se convertir\u00e1 en el epicentro de la innovaci\u00f3n digital gracias al Digital Enterprise Show 2025 (DES25),\u00a0y un a\u00f1o m\u00e1s, nosotros estaremos all\u00ed. \u00bfQu\u00e9 es el DES25? El DES25 no es solo una feria tecnol\u00f3gica: es el punto de encuentro donde profesionales de todos los sectores descubren c\u00f3mo aplicar&#8230;<\/p>\n","protected":false},"author":14,"featured_media":6193,"comment_status":"closed","ping_status":"open","sticky":false,"template":"","format":"standard","meta":{"_acf_changed":false,"inline_featured_image":false,"footnotes":""},"categories":[18],"tags":[],"class_list":["post-6188","post","type-post","status-publish","format-standard","has-post-thumbnail","hentry","category-noticias"],"acf":[],"yoast_head":"<!-- This site is optimized with the Yoast SEO Premium plugin v27.4 (Yoast SEO v27.5) - https:\/\/yoast.com\/product\/yoast-seo-premium-wordpress\/ -->\n<title>\u00a1Nos vemos (un a\u00f1o m\u00e1s) en el DES! - R2 Docuo<\/title>\n<meta name=\"description\" content=\"Del 10 al 12 de junio, M\u00e1laga se convertir\u00e1 en el epicentro de la innovaci\u00f3n digital gracias al DES25. \u00a1No te lo pierdas!\" \/>\n<meta name=\"robots\" content=\"index, follow, max-snippet:-1, max-image-preview:large, max-video-preview:-1\" \/>\n<link rel=\"canonical\" href=\"https:\/\/www.r2docuo.com\/es\/des25\" \/>\n<meta property=\"og:locale\" content=\"es_ES\" \/>\n<meta property=\"og:type\" content=\"article\" \/>\n<meta property=\"og:title\" content=\"\u00a1Nos vemos (un a\u00f1o m\u00e1s) en el DES!\" \/>\n<meta property=\"og:description\" content=\"Del 10 al 12 de junio, M\u00e1laga se convertir\u00e1 en el epicentro de la innovaci\u00f3n digital gracias al DES25. \u00a1No te lo pierdas!\" \/>\n<meta property=\"og:url\" content=\"https:\/\/www.r2docuo.com\/es\/des25\" \/>\n<meta property=\"og:site_name\" content=\"R2 Docuo\" \/>\n<meta property=\"article:published_time\" content=\"2025-05-12T07:35:31+00:00\" \/>\n<meta property=\"article:modified_time\" content=\"2025-05-12T09:23:06+00:00\" \/>\n<meta property=\"og:image\" content=\"https:\/\/www.r2docuo.com\/es\/wp-content\/uploads\/sites\/3\/2025\/05\/DES25.png\" \/>\n\t<meta property=\"og:image:width\" content=\"1187\" \/>\n\t<meta property=\"og:image:height\" content=\"630\" \/>\n\t<meta property=\"og:image:type\" content=\"image\/png\" \/>\n<meta name=\"author\" content=\"minerva.hernandez\" \/>\n<meta name=\"twitter:card\" content=\"summary_large_image\" \/>\n<meta name=\"twitter:description\" content=\"Del 10 al 12 de junio, M\u00e1laga se convertir\u00e1 en el epicentro de la innovaci\u00f3n digital gracias al DES25. \u00a1No te lo pierdas!\" \/>\n<meta name=\"twitter:creator\" content=\"@r2docuo\" \/>\n<meta name=\"twitter:site\" content=\"@r2docuo\" \/>\n<meta name=\"twitter:label1\" content=\"Escrito por\" \/>\n\t<meta name=\"twitter:data1\" content=\"minerva.hernandez\" \/>\n\t<meta name=\"twitter:label2\" content=\"Tiempo de lectura\" \/>\n\t<meta name=\"twitter:data2\" content=\"2 minutos\" \/>\n<!-- \/ Yoast SEO Premium plugin. -->","yoast_head_json":{"title":"\u00a1Nos vemos (un a\u00f1o m\u00e1s) en el DES! - R2 Docuo","description":"Del 10 al 12 de junio, M\u00e1laga se convertir\u00e1 en el epicentro de la innovaci\u00f3n digital gracias al DES25. \u00a1No te lo pierdas!","robots":{"index":"index","follow":"follow","max-snippet":"max-snippet:-1","max-image-preview":"max-image-preview:large","max-video-preview":"max-video-preview:-1"},"canonical":"https:\/\/www.r2docuo.com\/es\/des25","og_locale":"es_ES","og_type":"article","og_title":"\u00a1Nos vemos (un a\u00f1o m\u00e1s) en el DES!","og_description":"Del 10 al 12 de junio, M\u00e1laga se convertir\u00e1 en el epicentro de la innovaci\u00f3n digital gracias al DES25. \u00a1No te lo pierdas!","og_url":"https:\/\/www.r2docuo.com\/es\/des25","og_site_name":"R2 Docuo","article_published_time":"2025-05-12T07:35:31+00:00","article_modified_time":"2025-05-12T09:23:06+00:00","og_image":[{"width":1187,"height":630,"url":"https:\/\/www.r2docuo.com\/es\/wp-content\/uploads\/sites\/3\/2025\/05\/DES25.png","type":"image\/png"}],"author":"minerva.hernandez","twitter_card":"summary_large_image","twitter_description":"Del 10 al 12 de junio, M\u00e1laga se convertir\u00e1 en el epicentro de la innovaci\u00f3n digital gracias al DES25. \u00a1No te lo pierdas!","twitter_creator":"@r2docuo","twitter_site":"@r2docuo","twitter_misc":{"Escrito por":"minerva.hernandez","Tiempo de lectura":"2 minutos"},"schema":{"@context":"https:\/\/schema.org","@graph":[{"@type":"Article","@id":"https:\/\/www.r2docuo.com\/es\/des25#article","isPartOf":{"@id":"https:\/\/www.r2docuo.com\/es\/des25"},"author":{"name":"minerva.hernandez","@id":"https:\/\/www.r2docuo.com\/es\/#\/schema\/person\/56e56c58ca44c391dfc0da126f072677"},"headline":"\u00a1Nos vemos (un a\u00f1o m\u00e1s) en el DES!","datePublished":"2025-05-12T07:35:31+00:00","dateModified":"2025-05-12T09:23:06+00:00","mainEntityOfPage":{"@id":"https:\/\/www.r2docuo.com\/es\/des25"},"wordCount":341,"publisher":{"@id":"https:\/\/www.r2docuo.com\/es\/#organization"},"image":{"@id":"https:\/\/www.r2docuo.com\/es\/des25#primaryimage"},"thumbnailUrl":"https:\/\/www.r2docuo.com\/es\/wp-content\/uploads\/sites\/3\/2025\/05\/DES25.png","articleSection":["Noticias"],"inLanguage":"es"},{"@type":"WebPage","@id":"https:\/\/www.r2docuo.com\/es\/des25","url":"https:\/\/www.r2docuo.com\/es\/des25","name":"\u00a1Nos vemos (un a\u00f1o m\u00e1s) en el DES! - R2 Docuo","isPartOf":{"@id":"https:\/\/www.r2docuo.com\/es\/#website"},"primaryImageOfPage":{"@id":"https:\/\/www.r2docuo.com\/es\/des25#primaryimage"},"image":{"@id":"https:\/\/www.r2docuo.com\/es\/des25#primaryimage"},"thumbnailUrl":"https:\/\/www.r2docuo.com\/es\/wp-content\/uploads\/sites\/3\/2025\/05\/DES25.png","datePublished":"2025-05-12T07:35:31+00:00","dateModified":"2025-05-12T09:23:06+00:00","description":"Del 10 al 12 de junio, M\u00e1laga se convertir\u00e1 en el epicentro de la innovaci\u00f3n digital gracias al DES25. \u00a1No te lo pierdas!","breadcrumb":{"@id":"https:\/\/www.r2docuo.com\/es\/des25#breadcrumb"},"inLanguage":"es","potentialAction":[{"@type":"ReadAction","target":["https:\/\/www.r2docuo.com\/es\/des25"]}]},{"@type":"ImageObject","inLanguage":"es","@id":"https:\/\/www.r2docuo.com\/es\/des25#primaryimage","url":"https:\/\/www.r2docuo.com\/es\/wp-content\/uploads\/sites\/3\/2025\/05\/DES25.png","contentUrl":"https:\/\/www.r2docuo.com\/es\/wp-content\/uploads\/sites\/3\/2025\/05\/DES25.png","width":1187,"height":630},{"@type":"BreadcrumbList","@id":"https:\/\/www.r2docuo.com\/es\/des25#breadcrumb","itemListElement":[{"@type":"ListItem","position":1,"name":"Portada","item":"https:\/\/www.r2docuo.com\/es\/"},{"@type":"ListItem","position":2,"name":"\u00a1Nos vemos (un a\u00f1o m\u00e1s) en el DES!"}]},{"@type":"WebSite","@id":"https:\/\/www.r2docuo.com\/es\/#website","url":"https:\/\/www.r2docuo.com\/es\/","name":"R2 Docuo","description":"ES","publisher":{"@id":"https:\/\/www.r2docuo.com\/es\/#organization"},"alternateName":"Docuo","potentialAction":[{"@type":"SearchAction","target":{"@type":"EntryPoint","urlTemplate":"https:\/\/www.r2docuo.com\/es\/?s={search_term_string}"},"query-input":{"@type":"PropertyValueSpecification","valueRequired":true,"valueName":"search_term_string"}}],"inLanguage":"es"},{"@type":"Organization","@id":"https:\/\/www.r2docuo.com\/es\/#organization","name":"Docuo","url":"https:\/\/www.r2docuo.com\/es\/","logo":{"@type":"ImageObject","inLanguage":"es","@id":"https:\/\/www.r2docuo.com\/es\/#\/schema\/logo\/image\/","url":"https:\/\/www.r2docuo.com\/es\/wp-content\/uploads\/sites\/3\/2023\/01\/logoR2Docuo-520.png","contentUrl":"https:\/\/www.r2docuo.com\/es\/wp-content\/uploads\/sites\/3\/2023\/01\/logoR2Docuo-520.png","width":520,"height":192,"caption":"Docuo"},"image":{"@id":"https:\/\/www.r2docuo.com\/es\/#\/schema\/logo\/image\/"},"sameAs":["https:\/\/x.com\/r2docuo","https:\/\/www.linkedin.com\/company\/r2docuo","https:\/\/www.instagram.com\/r2docuo","https:\/\/www.youtube.com\/@r2docuo"]},{"@type":"Person","@id":"https:\/\/www.r2docuo.com\/es\/#\/schema\/person\/56e56c58ca44c391dfc0da126f072677","name":"minerva.hernandez","image":{"@type":"ImageObject","inLanguage":"es","@id":"https:\/\/secure.gravatar.com\/avatar\/71b2cff38534f1a7fd91d8f8e9faaeb46e7fa512c8f0aa89547a0f954edfe27c?s=96&d=mm&r=g","url":"https:\/\/secure.gravatar.com\/avatar\/71b2cff38534f1a7fd91d8f8e9faaeb46e7fa512c8f0aa89547a0f954edfe27c?s=96&d=mm&r=g","contentUrl":"https:\/\/secure.gravatar.com\/avatar\/71b2cff38534f1a7fd91d8f8e9faaeb46e7fa512c8f0aa89547a0f954edfe27c?s=96&d=mm&r=g","caption":"minerva.hernandez"}}]}},"_links":{"self":[{"href":"https:\/\/www.r2docuo.com\/es\/wp-json\/wp\/v2\/posts\/6188","targetHints":{"allow":["GET"]}}],"collection":[{"href":"https:\/\/www.r2docuo.com\/es\/wp-json\/wp\/v2\/posts"}],"about":[{"href":"https:\/\/www.r2docuo.com\/es\/wp-json\/wp\/v2\/types\/post"}],"author":[{"embeddable":true,"href":"https:\/\/www.r2docuo.com\/es\/wp-json\/wp\/v2\/users\/14"}],"replies":[{"embeddable":true,"href":"https:\/\/www.r2docuo.com\/es\/wp-json\/wp\/v2\/comments?post=6188"}],"version-history":[{"count":0,"href":"https:\/\/www.r2docuo.com\/es\/wp-json\/wp\/v2\/posts\/6188\/revisions"}],"wp:featuredmedia":[{"embeddable":true,"href":"https:\/\/www.r2docuo.com\/es\/wp-json\/wp\/v2\/media\/6193"}],"wp:attachment":[{"href":"https:\/\/www.r2docuo.com\/es\/wp-json\/wp\/v2\/media?parent=6188"}],"wp:term":[{"taxonomy":"category","embeddable":true,"href":"https:\/\/www.r2docuo.com\/es\/wp-json\/wp\/v2\/categories?post=6188"},{"taxonomy":"post_tag","embeddable":true,"href":"https:\/\/www.r2docuo.com\/es\/wp-json\/wp\/v2\/tags?post=6188"}],"curies":[{"name":"wp","href":"https:\/\/api.w.org\/{rel}","templated":true}]}}